{"id":166,"date":"2019-08-21T13:47:43","date_gmt":"2019-08-21T11:47:43","guid":{"rendered":"http:\/\/alert-mosina.pl\/?p=166"},"modified":"2019-08-21T14:09:18","modified_gmt":"2019-08-21T12:09:18","slug":"sroda-juz-po-deszczach","status":"publish","type":"post","link":"https:\/\/alert-mosina.pl\/index.php\/2019\/08\/21\/sroda-juz-po-deszczach\/","title":{"rendered":"\u015aroda ju\u017c po deszczach"},"content":{"rendered":"<p>Po nocnych i porannych obfitych opadach deszczu, przychodzi czas na rozpogodzenie.\u26c5\u2600\ufe0f S\u0142o\u0144ca spodziewamy si\u0119 ju\u017c w godzinach po\u0142udniowych. Nie mniej jednak do tego czasu, jak i w p\u00f3\u017aniejszych godzinach istnieje mo\u017cliwo\u015b\u0107 wyst\u0105pienia przelotnych opad\u00f3w i zmiennego zachmurzenia.\ud83c\udf26 Wilgotno\u015b\u0107 zmienna 58%, ci\u015bnienie 1020hPa z tendencj\u0105 wzrostow\u0105. Maksymalna temperatura, \ud83c\udf21 jak\u0105 wska\u017c\u0105 nasze termometry, to 22C oko\u0142o godziny 17:00, natomiast minimalna temperatura w nocy wyniesie 12C. Wiatr obecnie spokojny p\u00f3\u0142nocno-zachodni 4 km\/h w porywach do max. 10 km\/h. Warunki biometeo s\u0105 zmienne pomi\u0119dzy oboj\u0119tnymi a korzystnymi. Reszta dnia, jak i noc zapowiadaj\u0105 si\u0119 pogodnie i spokojnie.<\/p>\n<p>\u0179r\u00f3d\u0142a: ICM UM meteo.pl, aplikacja Pogoda &amp; Radar, biometeo pogodynka.pl<\/p>\n<p>Grafiki do tej prognozy znajduj\u0105 si\u0119 w po\u015bcie na naszym Facebook &#8211; Zapraszamy \ud83d\ude42<\/p>\n","protected":false},"excerpt":{"rendered":"<p>Po nocnych i porannych obfitych opadach deszczu, przychodzi czas na rozpogodzenie.\u26c5\u2600\ufe0f S\u0142o\u0144ca spodziewamy si\u0119 ju\u017c w godzinach po\u0142udniowych. Nie mniej<\/p>\n","protected":false},"author":1,"featured_media":0,"comment_status":"open","ping_status":"open","sticky":false,"template":"","format":"standard","meta":{"_monsterinsights_skip_tracking":false,"_monsterinsights_sitenote_active":false,"_monsterinsights_sitenote_note":"","_monsterinsights_sitenote_category":0},"categories":[1],"tags":[],"_links":{"self":[{"href":"https:\/\/alert-mosina.pl\/index.php\/wp-json\/wp\/v2\/posts\/166"}],"collection":[{"href":"https:\/\/alert-mosina.pl\/index.php\/wp-json\/wp\/v2\/posts"}],"about":[{"href":"https:\/\/alert-mosina.pl\/index.php\/wp-json\/wp\/v2\/types\/post"}],"author":[{"embeddable":true,"href":"https:\/\/alert-mosina.pl\/index.php\/wp-json\/wp\/v2\/users\/1"}],"replies":[{"embeddable":true,"href":"https:\/\/alert-mosina.pl\/index.php\/wp-json\/wp\/v2\/comments?post=166"}],"version-history":[{"count":2,"href":"https:\/\/alert-mosina.pl\/index.php\/wp-json\/wp\/v2\/posts\/166\/revisions"}],"predecessor-version":[{"id":168,"href":"https:\/\/alert-mosina.pl\/index.php\/wp-json\/wp\/v2\/posts\/166\/revisions\/168"}],"wp:attachment":[{"href":"https:\/\/alert-mosina.pl\/index.php\/wp-json\/wp\/v2\/media?parent=166"}],"wp:term":[{"taxonomy":"category","embeddable":true,"href":"https:\/\/alert-mosina.pl\/index.php\/wp-json\/wp\/v2\/categories?post=166"},{"taxonomy":"post_tag","embeddable":true,"href":"https:\/\/alert-mosina.pl\/index.php\/wp-json\/wp\/v2\/tags?post=166"}],"curies":[{"name":"wp","href":"https:\/\/api.w.org\/{rel}","templated":true}]}}