{"id":173,"date":"2019-08-22T09:53:59","date_gmt":"2019-08-22T07:53:59","guid":{"rendered":"http:\/\/alert-mosina.pl\/?p=173"},"modified":"2019-08-22T09:53:59","modified_gmt":"2019-08-22T07:53:59","slug":"czwartek-pogodnie-i-spokojnie","status":"publish","type":"post","link":"https:\/\/alert-mosina.pl\/index.php\/2019\/08\/22\/czwartek-pogodnie-i-spokojnie\/","title":{"rendered":"Czwartek pogodnie i spokojnie."},"content":{"rendered":"<p>Dzisiaj zapowiada si\u0119 bardzo pogodny dzie\u0144, maksymalna temperatura na naszych termometrach \ud83c\udf21 wska\u017ce 24\u00b0C. Wilgotno\u015b\u0107 58% z up\u0142ywem czasu b\u0119dzie malej\u0105ca, ci\u015bnienie 1023hPa. Wiatr wschodni bardzo spokojny 4 km\/h w porywach do 8 km\/h. Zachmurzenie 30% z przewag\u0105 s\u0142o\u0144ca.\u2600\ufe0f Warunki biometeo nareszcie zmieni\u0142y si\u0119 na korzystne. \ud83d\ude42<\/p>\n<p>\ud83d\udce2Przy okazji tej kr\u00f3tkiej prognozy, mamy do was pytanie \u2014 czy korzystacie ju\u017c z naszej aplikacji mobilnej?\ud83d\udcf1<\/p>\n<p>\u0179r\u00f3d\u0142a: ICM UM meteo.pl, aplikacja Pogoda &amp; Radar, aplikacja Windy, biometeo pogodynka.pl<\/p>\n<p style=\"text-align: left;\">Grafiki do tej prognozy znajduj\u0105 si\u0119 w po\u015bcie na naszym Facebook, czekamy tam na wasze odpowiedzi &#8211; Zapraszamy \ud83d\udc4b\ud83d\udc40\ud83d\udc4d<\/p>\n","protected":false},"excerpt":{"rendered":"<p>Dzisiaj zapowiada si\u0119 bardzo pogodny dzie\u0144, maksymalna temperatura na naszych termometrach \ud83c\udf21 wska\u017ce 24\u00b0C. Wilgotno\u015b\u0107 58% z up\u0142ywem czasu b\u0119dzie<\/p>\n","protected":false},"author":1,"featured_media":0,"comment_status":"open","ping_status":"open","sticky":false,"template":"","format":"standard","meta":{"_monsterinsights_skip_tracking":false,"_monsterinsights_sitenote_active":false,"_monsterinsights_sitenote_note":"","_monsterinsights_sitenote_category":0},"categories":[1],"tags":[],"_links":{"self":[{"href":"https:\/\/alert-mosina.pl\/index.php\/wp-json\/wp\/v2\/posts\/173"}],"collection":[{"href":"https:\/\/alert-mosina.pl\/index.php\/wp-json\/wp\/v2\/posts"}],"about":[{"href":"https:\/\/alert-mosina.pl\/index.php\/wp-json\/wp\/v2\/types\/post"}],"author":[{"embeddable":true,"href":"https:\/\/alert-mosina.pl\/index.php\/wp-json\/wp\/v2\/users\/1"}],"replies":[{"embeddable":true,"href":"https:\/\/alert-mosina.pl\/index.php\/wp-json\/wp\/v2\/comments?post=173"}],"version-history":[{"count":1,"href":"https:\/\/alert-mosina.pl\/index.php\/wp-json\/wp\/v2\/posts\/173\/revisions"}],"predecessor-version":[{"id":174,"href":"https:\/\/alert-mosina.pl\/index.php\/wp-json\/wp\/v2\/posts\/173\/revisions\/174"}],"wp:attachment":[{"href":"https:\/\/alert-mosina.pl\/index.php\/wp-json\/wp\/v2\/media?parent=173"}],"wp:term":[{"taxonomy":"category","embeddable":true,"href":"https:\/\/alert-mosina.pl\/index.php\/wp-json\/wp\/v2\/categories?post=173"},{"taxonomy":"post_tag","embeddable":true,"href":"https:\/\/alert-mosina.pl\/index.php\/wp-json\/wp\/v2\/tags?post=173"}],"curies":[{"name":"wp","href":"https:\/\/api.w.org\/{rel}","templated":true}]}}