{"id":176,"date":"2019-08-23T10:47:54","date_gmt":"2019-08-23T08:47:54","guid":{"rendered":"http:\/\/alert-mosina.pl\/?p=176"},"modified":"2019-08-23T12:09:06","modified_gmt":"2019-08-23T10:09:06","slug":"sloneczny-piatek-i-testowy-alert","status":"publish","type":"post","link":"https:\/\/alert-mosina.pl\/index.php\/2019\/08\/23\/sloneczny-piatek-i-testowy-alert\/","title":{"rendered":"S\u0142oneczny Pi\u0105tek i Testowy Alert"},"content":{"rendered":"<p>S\u0142oneczny Pi\u0105tek \u2600\ufe0f i Testowy Alert \ud83d\udea8 w naszej aplikacji.\ud83d\udcf2<\/p>\n<p>Zapowiada nam si\u0119 bardzo s\u0142oneczny i bezchmurny dzie\u0144. Temperatura osi\u0105gnie dzisiaj \ud83c\udf2126\u00b0C, zauwa\u017cyli\u015bmy, \u017ce ka\u017cdego kolejnego dnia b\u0119dzie wy\u017csza. W przysz\u0142ym tygodniu spodziewamy si\u0119 upa\u0142\u00f3w \ud83e\udd75 ponad 30\u00b0C i jak wida\u0107, lato da jeszcze o sobie zna\u0107. Ci\u015bnienie 1025hPa pocz\u0105tkowo rosn\u0105ce, p\u00f3\u017aniej jednak jego tendencja zmieni si\u0119 i zacznie male\u0107. Wiatr \ud83c\udf2a po\u0142udniowo-wschodni 8 km\/h z mo\u017cliwymi porywami do 12 km\/h. Wilgotno\u015b\u0107 57% z up\u0142ywem czasu malej\u0105ca. Noc r\u00f3wnie\u017c spokojna i ciep\u0142a minimum 15\u00b0C. Obecnie znajdujemy si\u0119 w strefie korzystnych warunk\u00f3w biometeo.\ud83d\ude00<\/p>\n<p>\u0179r\u00f3d\u0142a: ICM UM meteo.pl, aplikacja Pogoda &amp; Radar, aplikacja Windy, biometeo pogodynka.pl<\/p>\n<p>Grafiki do tej prognozy znajduj\u0105 si\u0119 w po\u015bcie na naszym Facebookowym profilu \u2013 Zapraszamy\ud83d\ude00<\/p>\n<p>\ud83d\udce2Wiadomo\u015b\u0107 specjalna!\ud83d\udce2 \u2b07\ufe0fProsz\u0119 przewin\u0105\u0107\u23ec<\/p>\n<p>Celowo zaznaczyli\u015bmy t\u0119 prognoz\u0119 w naszym systemie jako \ud83d\udea8alert, aby pojawi\u0142a si\u0119 u was z d\u017awi\u0119kiem i na pasku powiadomie\u0144. Zastanawiamy si\u0119 nad ma\u0142ymi zmianami w aplikacji, aby wszystkie informacje od nas mia\u0142y mo\u017cliwo\u015b\u0107 pokaza\u0107 si\u0119 z powiadomieniem d\u017awi\u0119kowym. Dzi\u0119ki temu oszcz\u0119dzimy wasz czas, kt\u00f3ry po\u015bwi\u0119cacie na sprawdzanie, czy nie ma nowych informacji. Wraz z t\u0105 zmian\u0105 planujemy doda\u0107 funkcj\u0119, dzi\u0119ki kt\u00f3rej b\u0119dziecie mogli okre\u015bli\u0107, jakie informacje s\u0105 dla was wa\u017cne. Zaznaczone przez was wiadomo\u015bci b\u0119d\u0105 przychodzi\u0107 w trybie d\u017awi\u0119kowym, a pozosta\u0142e bez \u2013 pojawi\u0105 si\u0119 dopiero po otwarciu aplikacji. \u261d\ufe0f\ud83d\udc40\ud83d\udd90<\/p>\n<p style=\"padding-left: 40px;\">Czekamy na wasze wypowiedzi na ten temat na Facebook, Messenger oraz mailowo.<\/p>\n","protected":false},"excerpt":{"rendered":"<p>S\u0142oneczny Pi\u0105tek \u2600\ufe0f i Testowy Alert \ud83d\udea8 w naszej aplikacji.\ud83d\udcf2 Zapowiada nam si\u0119 bardzo s\u0142oneczny i bezchmurny dzie\u0144. Temperatura osi\u0105gnie<\/p>\n","protected":false},"author":1,"featured_media":0,"comment_status":"open","ping_status":"open","sticky":false,"template":"","format":"standard","meta":{"_monsterinsights_skip_tracking":false,"_monsterinsights_sitenote_active":false,"_monsterinsights_sitenote_note":"","_monsterinsights_sitenote_category":0},"categories":[1],"tags":[],"_links":{"self":[{"href":"https:\/\/alert-mosina.pl\/index.php\/wp-json\/wp\/v2\/posts\/176"}],"collection":[{"href":"https:\/\/alert-mosina.pl\/index.php\/wp-json\/wp\/v2\/posts"}],"about":[{"href":"https:\/\/alert-mosina.pl\/index.php\/wp-json\/wp\/v2\/types\/post"}],"author":[{"embeddable":true,"href":"https:\/\/alert-mosina.pl\/index.php\/wp-json\/wp\/v2\/users\/1"}],"replies":[{"embeddable":true,"href":"https:\/\/alert-mosina.pl\/index.php\/wp-json\/wp\/v2\/comments?post=176"}],"version-history":[{"count":3,"href":"https:\/\/alert-mosina.pl\/index.php\/wp-json\/wp\/v2\/posts\/176\/revisions"}],"predecessor-version":[{"id":181,"href":"https:\/\/alert-mosina.pl\/index.php\/wp-json\/wp\/v2\/posts\/176\/revisions\/181"}],"wp:attachment":[{"href":"https:\/\/alert-mosina.pl\/index.php\/wp-json\/wp\/v2\/media?parent=176"}],"wp:term":[{"taxonomy":"category","embeddable":true,"href":"https:\/\/alert-mosina.pl\/index.php\/wp-json\/wp\/v2\/categories?post=176"},{"taxonomy":"post_tag","embeddable":true,"href":"https:\/\/alert-mosina.pl\/index.php\/wp-json\/wp\/v2\/tags?post=176"}],"curies":[{"name":"wp","href":"https:\/\/api.w.org\/{rel}","templated":true}]}}