{"id":182,"date":"2019-08-24T17:00:34","date_gmt":"2019-08-24T15:00:34","guid":{"rendered":"http:\/\/alert-mosina.pl\/?p=182"},"modified":"2019-08-24T17:03:18","modified_gmt":"2019-08-24T15:03:18","slug":"goraca-sobota-mamy-powrot-lata","status":"publish","type":"post","link":"https:\/\/alert-mosina.pl\/index.php\/2019\/08\/24\/goraca-sobota-mamy-powrot-lata\/","title":{"rendered":"Gor\u0105ca Sobota mamy powr\u00f3t lata."},"content":{"rendered":"<p>Tak jak wspominali\u015bmy w poprzedniej prognozie z dnia na dzie\u0144 robi si\u0119 coraz cieplej. Niebo bezchmurne, dlatego w pe\u0142ni mo\u017cemy skorzysta\u0107 z pi\u0119knego s\u0142onecznego dnia.\u2600\ufe0f Temperatura obecnie \ud83c\udf21 28\u00b0C, wiatr wschodni 4 km\/h w porywach do 15 km\/h. Ci\u015bnienie 1017hpa, wilgotno\u015b\u0107 niska 37%. Noc zapowiada si\u0119 spokojnie \ud83c\udf19 z temperaturami pomi\u0119dzy 20\u00b0C, a 15\u00b0C. Taka sytuacja utrzyma si\u0119 przez nast\u0119pne kilka dni i na pewno b\u0119dzie coraz cieplej. Warunki biometo w ostatnich dniach s\u0105 dla nas korzystne.\ud83d\udc4d<\/p>\n<p>\u0179r\u00f3d\u0142a: ICM UM meteo.pl, aplikacja Pogoda &amp; Radar, aplikacja Windy, biometeo pogodynka.pl<\/p>\n<p>Grafiki do tej prognozy znajduj\u0105 si\u0119 w po\u015bcie na naszym Facebook, czekamy tam na wasze odpowiedzi \u2013 Zapraszamy\u00a0\ud83d\udc4b\ud83d\udc40\ud83d\udc49<\/p>\n","protected":false},"excerpt":{"rendered":"<p>Tak jak wspominali\u015bmy w poprzedniej prognozie z dnia na dzie\u0144 robi si\u0119 coraz cieplej. Niebo bezchmurne, dlatego w pe\u0142ni mo\u017cemy<\/p>\n","protected":false},"author":1,"featured_media":0,"comment_status":"open","ping_status":"open","sticky":false,"template":"","format":"standard","meta":{"_monsterinsights_skip_tracking":false,"_monsterinsights_sitenote_active":false,"_monsterinsights_sitenote_note":"","_monsterinsights_sitenote_category":0},"categories":[1],"tags":[],"_links":{"self":[{"href":"https:\/\/alert-mosina.pl\/index.php\/wp-json\/wp\/v2\/posts\/182"}],"collection":[{"href":"https:\/\/alert-mosina.pl\/index.php\/wp-json\/wp\/v2\/posts"}],"about":[{"href":"https:\/\/alert-mosina.pl\/index.php\/wp-json\/wp\/v2\/types\/post"}],"author":[{"embeddable":true,"href":"https:\/\/alert-mosina.pl\/index.php\/wp-json\/wp\/v2\/users\/1"}],"replies":[{"embeddable":true,"href":"https:\/\/alert-mosina.pl\/index.php\/wp-json\/wp\/v2\/comments?post=182"}],"version-history":[{"count":2,"href":"https:\/\/alert-mosina.pl\/index.php\/wp-json\/wp\/v2\/posts\/182\/revisions"}],"predecessor-version":[{"id":184,"href":"https:\/\/alert-mosina.pl\/index.php\/wp-json\/wp\/v2\/posts\/182\/revisions\/184"}],"wp:attachment":[{"href":"https:\/\/alert-mosina.pl\/index.php\/wp-json\/wp\/v2\/media?parent=182"}],"wp:term":[{"taxonomy":"category","embeddable":true,"href":"https:\/\/alert-mosina.pl\/index.php\/wp-json\/wp\/v2\/categories?post=182"},{"taxonomy":"post_tag","embeddable":true,"href":"https:\/\/alert-mosina.pl\/index.php\/wp-json\/wp\/v2\/tags?post=182"}],"curies":[{"name":"wp","href":"https:\/\/api.w.org\/{rel}","templated":true}]}}