{"id":398,"date":"2019-09-10T09:17:13","date_gmt":"2019-09-10T07:17:13","guid":{"rendered":"https:\/\/alert-mosina.pl\/?p=398"},"modified":"2019-09-10T09:17:13","modified_gmt":"2019-09-10T07:17:13","slug":"wtorek-deszczowo-pozniej-slonecznie","status":"publish","type":"post","link":"https:\/\/alert-mosina.pl\/index.php\/2019\/09\/10\/wtorek-deszczowo-pozniej-slonecznie\/","title":{"rendered":"Wtorek deszczowo, p\u00f3\u017aniej s\u0142onecznie."},"content":{"rendered":"<p>Wtorek deszczowo, \ud83c\udf27 p\u00f3\u017aniej s\u0142onecznie \u2600\ufe0f<\/p>\n<p>Przy okazji porannej prognozy chcieliby\u015bmy poinformowa\u0107, \u017ce w naszej aplikacji s\u0105 ju\u017c dost\u0119pne nowe czujniki smogowe.\ud83d\udcf2 Szczeg\u00f3\u0142y pod prognoz\u0105.<\/p>\n<p>Temperatura \ud83c\udf21: 13\u00b0C max 19\u00b0C \/ Noc \ud83c\udf19 10\u00b0C,<br \/>\nWilgotno\u015b\u0107: 63%,<br \/>\nCi\u015bnienie: 1005 hPa rosn\u0105ce,<br \/>\nWiatr \ud83c\udf2c: po\u0142udniowo-zachodni 15 km\/h w porywach do 31 km\/h<br \/>\nBiometeo: nadal bardzo niekorzystne \ud83d\ude1e\ud83d\ude34<\/p>\n<p>Wczorajsze prognozy dotycz\u0105ce gro\u017anych burz \ud83c\udf29 i silnych wiatr\u00f3w \ud83c\udf2a na szcz\u0119\u015bcie si\u0119 nie sprawdzi\u0142y. Obserwowali\u015bmy \ud83d\udc40 ca\u0142y czas sytuacje, ale nie by\u0142o \u017cadnego momentu, w kt\u00f3rym musieliby\u015bmy Pa\u0144stwa ostrzega\u0107.\ud83d\udea8 Wszystkie kom\u00f3rki burzowe albo nas omija\u0142y, albo wygasa\u0142y tu\u017c przed naszymi okolicami i dociera\u0142y do nas same deszcze. \ud83c\udf27Przyk\u0142adowe dwa obrazy radarowe z wczoraj w grafikach. To w\u0142a\u015bnie cechuje nasze dzia\u0142anie, przy prognozie informujemy o wszystkich mo\u017cliwych na dany dzie\u0144 zagro\u017ceniach. Nast\u0119pnie monitorujemy sytuacje i alarmujemy\ud83d\udea8, gdy zauwa\u017cymy zbli\u017caj\u0105ce si\u0119 niebezpiecze\u0144stwo.<\/p>\n<p>Dzisiaj od rana deszczowo, \ud83c\udf27 sytuacja zacznie uspokaja\u0107 si\u0119 wraz z up\u0142ywem czasu. W godzinach po\u0142udniowych i popo\u0142udniowych zachmurzenie \ud83c\udf26\ud83c\udf25\ud83c\udf24 zacznie ust\u0119powa\u0107 i pojawi si\u0119 s\u0142o\u0144ce,\u2600\ufe0f kt\u00f3rego nie widzieli\u015bmy od kilku dni. Reszta dnia i noc \ud83c\udf19 spokojne oraz bezdeszczowe. Taka sytuacja utrzyma si\u0119 przez nast\u0119pne kilka dni. \ud83d\ude01<\/p>\n<p>\u0179r\u00f3d\u0142a: ICM UM meteo.pl, aplikacja Windy, aplikacja Pogoda &amp; Radar, biometeo pogodynka.pl, wczorajsze obrazy radarowe map.blitzortung.org, screen nowych czujnik\u00f3w z naszej aplikacji \ud83d\ude42<\/p>\n<p>Aby sprawdzi\u0107 dost\u0119pne nowe czujniki, zapraszamy do zak\u0142adki Ustawienia\u2699 &gt; Czujniki SMOG. Dzisiaj po po\u0142udniu i w ci\u0105gu najbli\u017cszych dni na li\u015bcie b\u0119d\u0105 pojawia\u0107 si\u0119 kolejne urz\u0105dzenia.<\/p>\n<p>Obecnie dost\u0119pne sensory:<br \/>\n&#8211; Mosina: ul. \u0141azienna, ul. M. Konopnickiej, ul. Kasztanowa, ul. Morelowa, ul. Farbiaska i ul. Wawrzyniaka (Esculap)<br \/>\n&#8211; Krosno: Os. Miodowe,<br \/>\n&#8211; Puszczykowo: Przedszkole Bajkowe Wzg\u00f3rze<\/p>\n<p>Grafiki do tej prognozy znajduj\u0105 si\u0119 w po\u015bcie na naszym Facebook, czekamy tam na wasze wiadomo\u015bci i komentarze \u2013 Zapraszamy\ud83d\udc4b\ud83d\udc40\ud83d\udc49<\/p>\n","protected":false},"excerpt":{"rendered":"<p>Wtorek deszczowo, \ud83c\udf27 p\u00f3\u017aniej s\u0142onecznie \u2600\ufe0f Przy okazji porannej prognozy chcieliby\u015bmy poinformowa\u0107, \u017ce w naszej aplikacji s\u0105 ju\u017c dost\u0119pne nowe<\/p>\n","protected":false},"author":1,"featured_media":0,"comment_status":"closed","ping_status":"closed","sticky":false,"template":"","format":"standard","meta":{"_monsterinsights_skip_tracking":false,"_monsterinsights_sitenote_active":false,"_monsterinsights_sitenote_note":"","_monsterinsights_sitenote_category":0},"categories":[1],"tags":[],"_links":{"self":[{"href":"https:\/\/alert-mosina.pl\/index.php\/wp-json\/wp\/v2\/posts\/398"}],"collection":[{"href":"https:\/\/alert-mosina.pl\/index.php\/wp-json\/wp\/v2\/posts"}],"about":[{"href":"https:\/\/alert-mosina.pl\/index.php\/wp-json\/wp\/v2\/types\/post"}],"author":[{"embeddable":true,"href":"https:\/\/alert-mosina.pl\/index.php\/wp-json\/wp\/v2\/users\/1"}],"replies":[{"embeddable":true,"href":"https:\/\/alert-mosina.pl\/index.php\/wp-json\/wp\/v2\/comments?post=398"}],"version-history":[{"count":1,"href":"https:\/\/alert-mosina.pl\/index.php\/wp-json\/wp\/v2\/posts\/398\/revisions"}],"predecessor-version":[{"id":399,"href":"https:\/\/alert-mosina.pl\/index.php\/wp-json\/wp\/v2\/posts\/398\/revisions\/399"}],"wp:attachment":[{"href":"https:\/\/alert-mosina.pl\/index.php\/wp-json\/wp\/v2\/media?parent=398"}],"wp:term":[{"taxonomy":"category","embeddable":true,"href":"https:\/\/alert-mosina.pl\/index.php\/wp-json\/wp\/v2\/categories?post=398"},{"taxonomy":"post_tag","embeddable":true,"href":"https:\/\/alert-mosina.pl\/index.php\/wp-json\/wp\/v2\/tags?post=398"}],"curies":[{"name":"wp","href":"https:\/\/api.w.org\/{rel}","templated":true}]}}