{"id":411,"date":"2019-09-14T10:26:54","date_gmt":"2019-09-14T08:26:54","guid":{"rendered":"https:\/\/alert-mosina.pl\/?p=411"},"modified":"2019-09-14T10:26:54","modified_gmt":"2019-09-14T08:26:54","slug":"sobota-slonecznie-i-bezdeszczowo","status":"publish","type":"post","link":"https:\/\/alert-mosina.pl\/index.php\/2019\/09\/14\/sobota-slonecznie-i-bezdeszczowo\/","title":{"rendered":"Sobota s\u0142onecznie i bezdeszczowo"},"content":{"rendered":"<p>Sobota s\u0142onecznie i bezdeszczowo \u2600\ufe0f<\/p>\n<p>Temperatura \ud83c\udf21: 14\u00b0C max 19\u00b0C \/ Noc 7\u00b0C,<br \/>\nWilgotno\u015b\u0107: 58%,<br \/>\nCi\u015bnienie 1028 hPa sta\u0142e,<br \/>\nWiatr \ud83c\udf2c: p\u00f3\u0142nocno-zachodni 5 km\/h w porywach do 13 km\/h<br \/>\nBiometeo: ulega zmianie z niekorzystnych na korzystne \ud83d\ude01<\/p>\n<p>Pi\u0119kny i s\u0142oneczny weekend przed nami, co prawda dzisiaj ch\u0142odniej, bo z temperaturami poni\u017cej 20\u00b0C, jednak sytuacja mo\u017ce poprawi\u0107 si\u0119 jutro gdzie spodziewamy si\u0119 ok 23\u00b0C. Noc bardzo spokojna, ale ch\u0142odna minimum 7\u00b0C<\/p>\n<p>\u0179r\u00f3d\u0142a: ICM UM meteo.pl, aplikacja Windy, aplikacja Pogoda &amp; Radar, biometeo pogodynka.pl<\/p>\n<p>Grafiki do tej prognozy znajduj\u0105 si\u0119 w po\u015bcie na naszym Facebook, czekamy tam na wasze wiadomo\u015bci i komentarze \u2013 Zapraszamy\ud83d\udc4b\ud83d\udc40\ud83d\udc49<\/p>\n","protected":false},"excerpt":{"rendered":"<p>Sobota s\u0142onecznie i bezdeszczowo \u2600\ufe0f Temperatura \ud83c\udf21: 14\u00b0C max 19\u00b0C \/ Noc 7\u00b0C, Wilgotno\u015b\u0107: 58%, Ci\u015bnienie 1028 hPa sta\u0142e, Wiatr<\/p>\n","protected":false},"author":1,"featured_media":0,"comment_status":"closed","ping_status":"closed","sticky":false,"template":"","format":"standard","meta":{"_monsterinsights_skip_tracking":false,"_monsterinsights_sitenote_active":false,"_monsterinsights_sitenote_note":"","_monsterinsights_sitenote_category":0},"categories":[1],"tags":[],"_links":{"self":[{"href":"https:\/\/alert-mosina.pl\/index.php\/wp-json\/wp\/v2\/posts\/411"}],"collection":[{"href":"https:\/\/alert-mosina.pl\/index.php\/wp-json\/wp\/v2\/posts"}],"about":[{"href":"https:\/\/alert-mosina.pl\/index.php\/wp-json\/wp\/v2\/types\/post"}],"author":[{"embeddable":true,"href":"https:\/\/alert-mosina.pl\/index.php\/wp-json\/wp\/v2\/users\/1"}],"replies":[{"embeddable":true,"href":"https:\/\/alert-mosina.pl\/index.php\/wp-json\/wp\/v2\/comments?post=411"}],"version-history":[{"count":1,"href":"https:\/\/alert-mosina.pl\/index.php\/wp-json\/wp\/v2\/posts\/411\/revisions"}],"predecessor-version":[{"id":412,"href":"https:\/\/alert-mosina.pl\/index.php\/wp-json\/wp\/v2\/posts\/411\/revisions\/412"}],"wp:attachment":[{"href":"https:\/\/alert-mosina.pl\/index.php\/wp-json\/wp\/v2\/media?parent=411"}],"wp:term":[{"taxonomy":"category","embeddable":true,"href":"https:\/\/alert-mosina.pl\/index.php\/wp-json\/wp\/v2\/categories?post=411"},{"taxonomy":"post_tag","embeddable":true,"href":"https:\/\/alert-mosina.pl\/index.php\/wp-json\/wp\/v2\/tags?post=411"}],"curies":[{"name":"wp","href":"https:\/\/api.w.org\/{rel}","templated":true}]}}