{"id":421,"date":"2019-09-17T09:12:44","date_gmt":"2019-09-17T07:12:44","guid":{"rendered":"https:\/\/alert-mosina.pl\/?p=421"},"modified":"2019-09-17T09:12:44","modified_gmt":"2019-09-17T07:12:44","slug":"wtorek-alert-wietrznie-zimno-i-deszczowo","status":"publish","type":"post","link":"https:\/\/alert-mosina.pl\/index.php\/2019\/09\/17\/wtorek-alert-wietrznie-zimno-i-deszczowo\/","title":{"rendered":"Wtorek Alert wietrznie zimno i deszczowo"},"content":{"rendered":"<p>Wtorek Alert wietrznie, zimno i deszczowo \ud83e\udd76\ud83c\udf2c\ud83c\udf27<\/p>\n<p>Temperatura \ud83c\udf21: 11\u00b0C max 15\u00b0C \/ Noc 8\u00b0C,<br \/>\nWilgotno\u015b\u0107 : 68%,<br \/>\nCi\u015bnienie: 1012 hPa rosn\u0105ce,<br \/>\nWiatr \ud83c\udf2c: zachodni i p\u00f3\u0142nocno-zachodni 8 km\/h w porywach do 15 km\/h. W p\u00f3\u017aniejszych godzinach 25 &#8211; 35 km\/h z mo\u017cliwymi porywami od 75 &#8211; 90 km\/h<br \/>\nBiometeo: bardzo niekorzystne \ud83d\ude34<\/p>\n<p>Dzisiaj g\u0142\u00f3wnym zagro\u017ceniem s\u0105 mo\u017cliwe silne wiatry, mog\u0105 rozwija\u0107 pr\u0119dko\u015bci w porywach nawet do 90 km\/h. Pojawi\u0105 si\u0119 po po\u0142udniu, dlatego zalecamy zachowanie ostro\u017cno\u015bci i zabezpieczenie rzeczy, kt\u00f3re mog\u0142yby ucierpie\u0107. Poza wiatrami spodziewamy si\u0119 wyst\u0105pienia opad\u00f3w deszczu, kt\u00f3re mog\u0105 pojawia\u0107 si\u0119 przez ca\u0142y dzie\u0144. Podobnie jak z wiatrami, najwi\u0119ksze szanse na deszcz mamy po po\u0142udniu. Dzie\u0144 i noc bardzo zimne, dodatkowo wiatr b\u0119dzie pot\u0119gowa\u0142 odczuwaln\u0105 nisk\u0105 temperatur\u0119 \ud83e\udd76<\/p>\n<p>\u0179r\u00f3d\u0142a: ICM UM meteo.pl, aplikacja Windy, aplikacja Pogoda &amp; Radar, biometeo pogodynka.pl<\/p>\n<p>Grafiki do tej prognozy znajduj\u0105 si\u0119 w po\u015bcie na naszym Facebook, czekamy tam na wasze wiadomo\u015bci i komentarze \u2013 Zapraszamy\ud83d\udc4b\ud83d\udc40\ud83d\udc49<\/p>\n","protected":false},"excerpt":{"rendered":"<p>Wtorek Alert wietrznie, zimno i deszczowo \ud83e\udd76\ud83c\udf2c\ud83c\udf27 Temperatura \ud83c\udf21: 11\u00b0C max 15\u00b0C \/ Noc 8\u00b0C, Wilgotno\u015b\u0107 : 68%, Ci\u015bnienie: 1012<\/p>\n","protected":false},"author":1,"featured_media":0,"comment_status":"closed","ping_status":"closed","sticky":false,"template":"","format":"standard","meta":{"_monsterinsights_skip_tracking":false,"_monsterinsights_sitenote_active":false,"_monsterinsights_sitenote_note":"","_monsterinsights_sitenote_category":0},"categories":[1],"tags":[],"_links":{"self":[{"href":"https:\/\/alert-mosina.pl\/index.php\/wp-json\/wp\/v2\/posts\/421"}],"collection":[{"href":"https:\/\/alert-mosina.pl\/index.php\/wp-json\/wp\/v2\/posts"}],"about":[{"href":"https:\/\/alert-mosina.pl\/index.php\/wp-json\/wp\/v2\/types\/post"}],"author":[{"embeddable":true,"href":"https:\/\/alert-mosina.pl\/index.php\/wp-json\/wp\/v2\/users\/1"}],"replies":[{"embeddable":true,"href":"https:\/\/alert-mosina.pl\/index.php\/wp-json\/wp\/v2\/comments?post=421"}],"version-history":[{"count":1,"href":"https:\/\/alert-mosina.pl\/index.php\/wp-json\/wp\/v2\/posts\/421\/revisions"}],"predecessor-version":[{"id":422,"href":"https:\/\/alert-mosina.pl\/index.php\/wp-json\/wp\/v2\/posts\/421\/revisions\/422"}],"wp:attachment":[{"href":"https:\/\/alert-mosina.pl\/index.php\/wp-json\/wp\/v2\/media?parent=421"}],"wp:term":[{"taxonomy":"category","embeddable":true,"href":"https:\/\/alert-mosina.pl\/index.php\/wp-json\/wp\/v2\/categories?post=421"},{"taxonomy":"post_tag","embeddable":true,"href":"https:\/\/alert-mosina.pl\/index.php\/wp-json\/wp\/v2\/tags?post=421"}],"curies":[{"name":"wp","href":"https:\/\/api.w.org\/{rel}","templated":true}]}}