{"id":448,"date":"2019-09-25T09:32:37","date_gmt":"2019-09-25T07:32:37","guid":{"rendered":"https:\/\/alert-mosina.pl\/?p=448"},"modified":"2019-09-25T09:32:37","modified_gmt":"2019-09-25T07:32:37","slug":"sroda-chlodniej-i-deszczowo","status":"publish","type":"post","link":"https:\/\/alert-mosina.pl\/index.php\/2019\/09\/25\/sroda-chlodniej-i-deszczowo\/","title":{"rendered":"\u015aroda, ch\u0142odniej i deszczowo"},"content":{"rendered":"<p>\u015aroda, ch\u0142odniejsza i \ud83c\udf27 deszczowa, wieczorem i w nocy mgli\u015bcie\ud83c\udf2b<\/p>\n<p>Temperatura \ud83c\udf21: 12\u00b0C max. 16\u00b0C \/ Noc 12\u00b0C,<br \/>\nWilgotno\u015b\u0107: 93%,<br \/>\nCi\u015bnienie: 1002 hPa malej\u0105ce,<br \/>\nWiatr \ud83c\udf2c: po\u0142udniowo-wschodni 5 km\/h w porywach do 11 km\/h,<br \/>\nBiometeo: bardzo niekorzystne \ud83d\ude34<\/p>\n<p>Dzisiaj ch\u0142odniej z du\u017cym \u2601\ufe0f\u2601\ufe0f\u2601\ufe0f zachmurzeniem, mo\u017cliwe liczne opady deszczu.\ud83c\udf27 Pierwsze z nich mog\u0105 pojawi\u0107 si\u0119 ju\u017c przed po\u0142udniem. Ryzyko wyst\u0105pienia opad\u00f3w wacha si\u0119 pomi\u0119dzy 30% &#8211; 70%. Niekorzystne warunki biometeo na pewno wp\u0142yn\u0105 na nasze samopoczucie.\ud83d\ude34\ud83d\ude12 Wieczorne i nocne \ud83c\udf19 warunki b\u0119d\u0105 sprzyja\u0142y powstawaniu \ud83c\udf2b mgie\u0142, kt\u00f3re mog\u0105 towarzyszy\u0107 nam a\u017c do rana, w godzinach dojazdu do pracy. W przypadku ich wyst\u0119powania zalecamy zachowanie ostro\u017cno\u015bci kierowcom, jak i pieszym. \u26a0\ufe0f\ud83d\ude99\ud83d\ude9a\ud83d\udeb6\u200d\u2640\ufe0f\ud83d\udeb6\u200d\u2642\ufe0f Noc \ud83c\udf14 ciep\u0142a, r\u00f3wnie\u017c z 35% szans\u0105 na \ud83c\udf27 deszcze, kt\u00f3re mog\u0105 nasila\u0107 si\u0119 bli\u017cej czwartkowych godzin porannych. Czwartek deszczowy i pochmurny, wi\u0119cej szczeg\u00f3\u0142\u00f3w w kolejnej prognozie.<\/p>\n<p>\u0179r\u00f3d\u0142a: ICM UM meteo.pl, aplikacja Windy, aplikacja Pogoda &amp; Radar, biometeo pogodynka.pl<\/p>\n<p>Grafiki do tej prognozy znajduj\u0105 si\u0119 w po\u015bcie na naszym Facebook, czekamy tam na wasze wiadomo\u015bci i komentarze \u2013 Zapraszamy\ud83d\udc4b\ud83d\udc40\ud83d\udc49<\/p>\n","protected":false},"excerpt":{"rendered":"<p>\u015aroda, ch\u0142odniejsza i \ud83c\udf27 deszczowa, wieczorem i w nocy mgli\u015bcie\ud83c\udf2b Temperatura \ud83c\udf21: 12\u00b0C max. 16\u00b0C \/ Noc 12\u00b0C, Wilgotno\u015b\u0107: 93%,<\/p>\n","protected":false},"author":1,"featured_media":0,"comment_status":"closed","ping_status":"closed","sticky":false,"template":"","format":"standard","meta":{"_monsterinsights_skip_tracking":false,"_monsterinsights_sitenote_active":false,"_monsterinsights_sitenote_note":"","_monsterinsights_sitenote_category":0},"categories":[1],"tags":[],"_links":{"self":[{"href":"https:\/\/alert-mosina.pl\/index.php\/wp-json\/wp\/v2\/posts\/448"}],"collection":[{"href":"https:\/\/alert-mosina.pl\/index.php\/wp-json\/wp\/v2\/posts"}],"about":[{"href":"https:\/\/alert-mosina.pl\/index.php\/wp-json\/wp\/v2\/types\/post"}],"author":[{"embeddable":true,"href":"https:\/\/alert-mosina.pl\/index.php\/wp-json\/wp\/v2\/users\/1"}],"replies":[{"embeddable":true,"href":"https:\/\/alert-mosina.pl\/index.php\/wp-json\/wp\/v2\/comments?post=448"}],"version-history":[{"count":1,"href":"https:\/\/alert-mosina.pl\/index.php\/wp-json\/wp\/v2\/posts\/448\/revisions"}],"predecessor-version":[{"id":449,"href":"https:\/\/alert-mosina.pl\/index.php\/wp-json\/wp\/v2\/posts\/448\/revisions\/449"}],"wp:attachment":[{"href":"https:\/\/alert-mosina.pl\/index.php\/wp-json\/wp\/v2\/media?parent=448"}],"wp:term":[{"taxonomy":"category","embeddable":true,"href":"https:\/\/alert-mosina.pl\/index.php\/wp-json\/wp\/v2\/categories?post=448"},{"taxonomy":"post_tag","embeddable":true,"href":"https:\/\/alert-mosina.pl\/index.php\/wp-json\/wp\/v2\/tags?post=448"}],"curies":[{"name":"wp","href":"https:\/\/api.w.org\/{rel}","templated":true}]}}