{"id":450,"date":"2019-09-26T09:25:25","date_gmt":"2019-09-26T07:25:25","guid":{"rendered":"https:\/\/alert-mosina.pl\/?p=450"},"modified":"2019-09-26T09:25:25","modified_gmt":"2019-09-26T07:25:25","slug":"czwartek-rano-deszczowo-pozniej-przejasnienia","status":"publish","type":"post","link":"https:\/\/alert-mosina.pl\/index.php\/2019\/09\/26\/czwartek-rano-deszczowo-pozniej-przejasnienia\/","title":{"rendered":"Czwartek rano deszczowo, p\u00f3\u017aniej przeja\u015bnienia"},"content":{"rendered":"<p>Czwartek od rana \ud83c\udf27 deszczowo, p\u00f3\u017aniej zachmurzenie z przeja\u015bnieniami \ud83c\udf25<\/p>\n<p>Temperatura \ud83c\udf21: 14\u00b0C max. 17\u00b0C \/ Noc 10\u00b0C,<br \/>\nWilgotno\u015b\u0107 94%,<br \/>\nCi\u015bnienie: 1004 hPa rosn\u0105ce,<br \/>\nWiatr \ud83c\udf2c: p\u00f3\u0142nocno-zachodni 7 km\/h w porywach do 14 km\/h, wieczorem mo\u017ce zmieni\u0107 kierunek na po\u0142udniowo-wschodni,<br \/>\nBiometeo: niekorzystne.\ud83d\ude34<\/p>\n<p>Od rana \ud83c\udf27 deszczowo, jednak jeszcze przed po\u0142udniem sytuacja si\u0119 uspokoi. Jak wida\u0107 na obrazie radarowym, deszczowe fronty przesuwaj\u0105 si\u0119 w g\u0142\u0105b naszego kraju, ale nie mo\u017cemy wykluczy\u0107 przelotnych opad\u00f3w. Obecnie szanse na popo\u0142udniowe i wieczorne deszcze s\u0105 bardzo ma\u0142e. B\u0119dziemy obserwowa\u0107 sytuacj\u0119, gdy \ud83c\udf2c wiatr zmieni sw\u00f3j kierunek, nie wykluczamy mo\u017cliwo\u015bci pojawienia si\u0119 prognozy uzupe\u0142niaj\u0105cej. Od oko\u0142o godziny 15 spodziewamy si\u0119 \ud83c\udf25\ud83c\udf24 przeja\u015bnie\u0144, a wieczorem prawie \u2600\ufe0f bezchmurnego nieba. Noc \ud83c\udf19\u2601\ufe0f pochmurna, z ma\u0142ym prawdopodobie\u0144stwem deszczy i do\u015b\u0107 ciep\u0142a ok. 10\u00b0C. Wieczorem i w nocy mo\u017cliwe \ud83c\udf2b mg\u0142y, jak zawsze zalecamy zachowanie ostro\u017cno\u015bci.\u261d\ufe0f<\/p>\n<p>\u0179r\u00f3d\u0142a: ICM UM meteo.pl, aplikacja Windy, aplikacja Pogoda &amp; Radar, biometeo pogodynka.pl<\/p>\n<p>Grafiki do tej prognozy znajduj\u0105 si\u0119 w po\u015bcie na naszym Facebook, czekamy tam na wasze wiadomo\u015bci i komentarze \u2013 Zapraszamy\ud83d\udc4b\ud83d\udc40\ud83d\udc49<\/p>\n","protected":false},"excerpt":{"rendered":"<p>Czwartek od rana \ud83c\udf27 deszczowo, p\u00f3\u017aniej zachmurzenie z przeja\u015bnieniami \ud83c\udf25 Temperatura \ud83c\udf21: 14\u00b0C max. 17\u00b0C \/ Noc 10\u00b0C, Wilgotno\u015b\u0107 94%,<\/p>\n","protected":false},"author":1,"featured_media":0,"comment_status":"closed","ping_status":"closed","sticky":false,"template":"","format":"standard","meta":{"_monsterinsights_skip_tracking":false,"_monsterinsights_sitenote_active":false,"_monsterinsights_sitenote_note":"","_monsterinsights_sitenote_category":0},"categories":[1],"tags":[],"_links":{"self":[{"href":"https:\/\/alert-mosina.pl\/index.php\/wp-json\/wp\/v2\/posts\/450"}],"collection":[{"href":"https:\/\/alert-mosina.pl\/index.php\/wp-json\/wp\/v2\/posts"}],"about":[{"href":"https:\/\/alert-mosina.pl\/index.php\/wp-json\/wp\/v2\/types\/post"}],"author":[{"embeddable":true,"href":"https:\/\/alert-mosina.pl\/index.php\/wp-json\/wp\/v2\/users\/1"}],"replies":[{"embeddable":true,"href":"https:\/\/alert-mosina.pl\/index.php\/wp-json\/wp\/v2\/comments?post=450"}],"version-history":[{"count":1,"href":"https:\/\/alert-mosina.pl\/index.php\/wp-json\/wp\/v2\/posts\/450\/revisions"}],"predecessor-version":[{"id":451,"href":"https:\/\/alert-mosina.pl\/index.php\/wp-json\/wp\/v2\/posts\/450\/revisions\/451"}],"wp:attachment":[{"href":"https:\/\/alert-mosina.pl\/index.php\/wp-json\/wp\/v2\/media?parent=450"}],"wp:term":[{"taxonomy":"category","embeddable":true,"href":"https:\/\/alert-mosina.pl\/index.php\/wp-json\/wp\/v2\/categories?post=450"},{"taxonomy":"post_tag","embeddable":true,"href":"https:\/\/alert-mosina.pl\/index.php\/wp-json\/wp\/v2\/tags?post=450"}],"curies":[{"name":"wp","href":"https:\/\/api.w.org\/{rel}","templated":true}]}}