{"id":452,"date":"2019-09-27T10:32:49","date_gmt":"2019-09-27T08:32:49","guid":{"rendered":"https:\/\/alert-mosina.pl\/?p=452"},"modified":"2019-09-27T10:32:49","modified_gmt":"2019-09-27T08:32:49","slug":"piatek-od-rana-spokonie-pozniej-deszczowo","status":"publish","type":"post","link":"https:\/\/alert-mosina.pl\/index.php\/2019\/09\/27\/piatek-od-rana-spokonie-pozniej-deszczowo\/","title":{"rendered":"Pi\u0105tek od rana spokonie, po\u017aniej deszczowo"},"content":{"rendered":"<p>Pi\u0105tek od rana spokojnie, p\u00f3\u017aniej deszczowo \ud83c\udf27<\/p>\n<p>Temperatura \ud83c\udf21: 14\u00b0C max. 17\u00b0C \/ Noc 13\u00b0C,<br \/>\nWilgotno\u015b\u0107: 89%,<br \/>\nCi\u015bnienie: 1007 hPa malej\u0105ce,<br \/>\nWiatr \ud83c\udf2c: po\u0142udniowo-wschodni 6 km\/h w porywach do 14 km\/h,<br \/>\nBiometeo: niekorzystne \ud83d\ude34<\/p>\n<p>Dzisiaj od rana, pomimo du\u017cego zachmurzenia \u2601\ufe0f do\u015b\u0107 spokojnie i bezdeszczowo. Do godzin po\u0142udniowych mo\u017cliwe przelotne opady deszczu. Sytuacja zmieni si\u0119 po po\u0142udniu, gdzie w miar\u0119 up\u0142ywu czasu szansa na deszcz b\u0119dzie wzrasta\u0107. Od oko\u0142o godziny 16 prognozujemy pojawienie si\u0119 d\u0142ugotrwa\u0142ych \ud83c\udf27\ud83c\udf27\ud83c\udf27 opad\u00f3w, kt\u00f3re mog\u0105 towarzyszy\u0107 nam do ko\u0144ca dnia. Istnieje niewielkie ryzyko pojawiania si\u0119 pojedynczych wy\u0142adowa\u0144 \u26a1 atmosferycznych lub niewielkich kom\u00f3rek burzowych. \u26c8 W przypadku ich wyst\u0119powania b\u0119dziemy Pa\u0144stwa informowa\u0107 w kolejnych postach, sytuacj\u0119 ca\u0142y czas monitorujemy. Wieczorem, w nocy i nad ranem mo\u017cliwe mg\u0142y \ud83c\udf2b. Noc \ud83c\udf14\ud83c\udf27 r\u00f3wnie\u017c deszczowa, z temperatur\u0105 minimaln\u0105 13\u00b0C. Deszcze mog\u0105 ust\u0105pi\u0107 ok godziny 4 nad ranem, co nie wyklucza pojawienia si\u0119 kolejnych opad\u00f3w. \ud83c\udf27 Sobota r\u00f3wnie\u017c deszczowa, wi\u0119cej informacji w kolejnej prognozie.<\/p>\n<p>\u0179r\u00f3d\u0142a: ICM UM meteo.pl, aplikacja Windy, aplikacja Pogoda &amp; Radar, biometeo pogodynka.pl<\/p>\n<p style=\"text-align: left;\">Grafiki do tej prognozy znajduj\u0105 si\u0119 w po\u015bcie na naszym Facebook, czekamy tam na wasze wiadomo\u015bci i komentarze \u2013 Zapraszamy\ud83d\udc4b\ud83d\udc40\ud83d\udc49<\/p>\n","protected":false},"excerpt":{"rendered":"<p>Pi\u0105tek od rana spokojnie, p\u00f3\u017aniej deszczowo \ud83c\udf27 Temperatura \ud83c\udf21: 14\u00b0C max. 17\u00b0C \/ Noc 13\u00b0C, Wilgotno\u015b\u0107: 89%, Ci\u015bnienie: 1007 hPa<\/p>\n","protected":false},"author":1,"featured_media":0,"comment_status":"closed","ping_status":"closed","sticky":false,"template":"","format":"standard","meta":{"_monsterinsights_skip_tracking":false,"_monsterinsights_sitenote_active":false,"_monsterinsights_sitenote_note":"","_monsterinsights_sitenote_category":0},"categories":[1],"tags":[],"_links":{"self":[{"href":"https:\/\/alert-mosina.pl\/index.php\/wp-json\/wp\/v2\/posts\/452"}],"collection":[{"href":"https:\/\/alert-mosina.pl\/index.php\/wp-json\/wp\/v2\/posts"}],"about":[{"href":"https:\/\/alert-mosina.pl\/index.php\/wp-json\/wp\/v2\/types\/post"}],"author":[{"embeddable":true,"href":"https:\/\/alert-mosina.pl\/index.php\/wp-json\/wp\/v2\/users\/1"}],"replies":[{"embeddable":true,"href":"https:\/\/alert-mosina.pl\/index.php\/wp-json\/wp\/v2\/comments?post=452"}],"version-history":[{"count":1,"href":"https:\/\/alert-mosina.pl\/index.php\/wp-json\/wp\/v2\/posts\/452\/revisions"}],"predecessor-version":[{"id":453,"href":"https:\/\/alert-mosina.pl\/index.php\/wp-json\/wp\/v2\/posts\/452\/revisions\/453"}],"wp:attachment":[{"href":"https:\/\/alert-mosina.pl\/index.php\/wp-json\/wp\/v2\/media?parent=452"}],"wp:term":[{"taxonomy":"category","embeddable":true,"href":"https:\/\/alert-mosina.pl\/index.php\/wp-json\/wp\/v2\/categories?post=452"},{"taxonomy":"post_tag","embeddable":true,"href":"https:\/\/alert-mosina.pl\/index.php\/wp-json\/wp\/v2\/tags?post=452"}],"curies":[{"name":"wp","href":"https:\/\/api.w.org\/{rel}","templated":true}]}}